{"id":5237,"date":"2021-11-26T09:43:41","date_gmt":"2021-11-26T07:43:41","guid":{"rendered":"https:\/\/kidlife.hu\/?p=5237"},"modified":"2024-02-06T23:18:14","modified_gmt":"2024-02-06T22:18:14","slug":"eros-akaratu-gyermeked-temperamentumanak-es-erossegeinek-megertese","status":"publish","type":"post","link":"https:\/\/kidlife.hu\/english\/eros-akaratu-gyermeked-temperamentumanak-es-erossegeinek-megertese\/","title":{"rendered":"Er\u0151s akarat\u00fa gyermeked temperamentum\u00e1nak \u00e9s er\u0151ss\u00e9geinek meg\u00e9rt\u00e9se"},"content":{"rendered":"<h2>Er\u0151s akarat\u00fa gyermeked temperamentum\u00e1nak \u00e9s er\u0151ss\u00e9geinek meg\u00e9rt\u00e9se<\/h2>\n<p>Gyermeked er\u0151s akarat\u00fa vagy nagyon lelkes? Kem\u00e9nyebben j\u00e1tszik, \u00e1tl\u00e9p hat\u00e1rokat, t\u00f6bbet k\u00f6vetel? Net\u00e1n gyermekpszichol\u00f3gia t\u00e9m\u00e1j\u00fa cikkeket olvasva olvasva gyan\u00fasan sokszor szembej\u00f6tt, hogy &#8220;ADHD&#8221;? Ha igen, akkor lehet, hogy gyermeked a tudom\u00e1ny szerint <strong>t\u00fal\u00e1rad\u00f3 temperamentummal<\/strong> rendelkezik.<\/p>\n<p>A gyerekek temperamentum\u00e1nak \u2014 szem\u00e9lyis\u00e9g\u00fck biol\u00f3giai alapjainak \u2014 meg\u00e9rt\u00e9se seg\u00edthet abban, hogy megtudd, hogyan neveld \u0151ket, n\u00f6veld er\u0151ss\u00e9geiket, \u00e9s cs\u00f6kkentsd a hatalmi harcokat, amelyek az er\u0151s akarat\u00fa gyermekeket k\u00eds\u00e9rik.<\/p>\n<p><img decoding=\"async\" src=\"https:\/\/kidlife.hu\/wp-content\/uploads\/kidlife-blog-akaratos-001.jpg\" \/><\/p>\n<p>Er\u0151s akarat\u00fa gyermeked meg\u00e9rt\u00e9se<\/p>\n<p>Amikor a fiam k\u00f6r\u00fclbel\u00fcl 3 \u00e9ves volt, elkezdtem agg\u00f3dni, hogy tal\u00e1n &#8220;helikopter-anyuka&#8221; vagyok. Tudtam, hogy t\u00fal sokat k\u0151r\u00f6z\u00f6k a feje f\u00f6l\u00f6tt, \u00e9s nehezen tudtam h\u00e1tral\u00e9pni, hogy hagyjam \u00e9rv\u00e9nyes\u00fclni.<\/p>\n<p>Amit akkor m\u00e9g nem tudtam, hogy egy nagyon <strong>hat\u00e1rozott gondolkod\u00e1s\u00fa \u00e9s akaraterej\u0171 gyermek nevel\u00e9s\u00e9vel \u00e1lltam szemben.<\/strong><\/p>\n<p>\u00c9szrevettem, hogy m\u00e1s sz\u00fcl\u0151k besz\u00e9lgetnek \u00e9s nevetg\u00e9lnek, mik\u00f6zben \u00f3vatos pillant\u00e1sokat vetnek dr\u00e1ga kisgyermekeikre, akik mindig nagyon gondosan megvizsg\u00e1lt\u00e1k a j\u00e1tsz\u00f3t\u00e9ren a cs\u00faszd\u00e1hoz vezet\u0151 minden egyes l\u00e9pcs\u0151fokot.<\/p>\n<p>Ez sz\u00f6ges ellent\u00e9tben \u00e1llt a fiammal, aki \u00fagy rohant egy j\u00e1tsz\u00f3t\u00e9rre vagy b\u00e1rmilyen \u00faj helyzetbe, mintha teljesen az \u00f6v\u00e9 lenne &#8211; nagyj\u00e1b\u00f3l nulla el\u0151vigy\u00e1zatoss\u00e1ggal vagy \u00f3vatoss\u00e1ggal. \u00c9s sz\u00e1momra ez azt jelentette, hogy figyelmesebbnek kell lennem \u00e9s elkapnom \u0151t a szabades\u00e9sei sor\u00e1n.<\/p>\n<p>Id\u0151vel \u00e9s egy kis tapasztalattal egyre h\u00e1tr\u00e9bb tudtam l\u00e9pni, t\u00f6bb teret adtam neki, \u00e9s hagytam, hogy t\u00f6bbet bukjon \u00e9s essen el. Sz\u00f3val igen, r\u00e9szben \u00e9n voltam az oka. \u00c9s id\u0151vel \u0151 is szab\u00e1lyozottabb\u00e1 v\u00e1lt, \u00e9s m\u00e9g n\u00e9mi \u00f3vatoss\u00e1g is kialakult benne.<\/p>\n<p>Nemr\u00e9g az egyik bar\u00e1tn\u0151mmel vacsor\u00e1ztam, aki elmondta, hogy \u0151 is agg\u00f3dik \u00e9s \u201ehelikopter anyuk\u00e1nak\u201d \u00e9rzi mag\u00e1t, \u00e9s irigyli azokat a sz\u00fcl\u0151ket, akik laz\u00e1n tudnak besz\u00e9lgetni a j\u00e1tsz\u00f3t\u00e9ren. A l\u00e1nya nagyon hasonl\u00edtott a fiamra, kev\u00e9sb\u00e9 volt \u00f3vatos \u00e9s k\u00f6r\u00fcltekint\u0151, mint a t\u00f6bbi gyermek.<\/p>\n<h5>Pontosan mit jelent az, hogy &#8220;er\u0151s akarat\u00fa gyermek&#8221;?<\/h5>\n<p>Mindketten \u00fagy jellemezt\u00fck gyermekeinket <strong>\u2014 mint akik nagyon lelkesek \u2014 mint akiknek er\u0151s akaratuk vagy hat\u00e1rozott gondolkod\u00e1suk van.<\/strong><\/p>\n<p>Az intenzit\u00e1s alatt olyan gyermekeket \u00e9rtett\u00fcnk, akik kem\u00e9nyebben j\u00e1tszanak, magasabbra m\u00e1sznak, gyakrabban keresik a fizikai kontaktust, impulz\u00edvabbak, \u00e9s t\u00f6bbsz\u00f6r megs\u00e9rtik m\u00e1sok hat\u00e1rait.<\/p>\n<p>Olyan\u00a0 gyermekek, akik szuper szorosan \u00f6lelik az anyuk\u00e1jukat, \u00e9s lerohanj\u00e1k az apuk\u00e1jukat, olyanok, <strong>akik kem\u00e9nyen \u00e9s m\u00e9lyen tudnak szeretni.<\/strong><\/p>\n<p>Az er\u0151s egy j\u00f3 sz\u00f3 ezekre a gyermekekre. Er\u0151sek elm\u00e9j\u00fckben, temperamentumukban \u00e9s jellem\u00fckben egyar\u00e1nt. Ez a tulajdons\u00e1g k\u00e9s\u0151bb j\u00f3 szolg\u00e1latot fog tenni a sz\u00e1mukra.<\/p>\n<h5>Egy \u00fajfajta temperamentum: Az er\u0151s akarat\u00fa, t\u00fal\u00e1rad\u00f3 gyermek<\/h5>\n<p>Fejl\u0151d\u00e9sl\u00e9lektanban azt a nyers szem\u00e9lyis\u00e9get, amellyel a gyermek sz\u00fcletik, <strong>temperamentumnak<\/strong> nevezik.<\/p>\n<p>A <strong>temperamentum<\/strong> a gyermek saj\u00e1t term\u00e9szetes hajlama, hogy mennyire <strong>reakt\u00edv<\/strong> \u00e9s <strong>szab\u00e1lyozott<\/strong>.<\/p>\n<p>A kutat\u00e1sok sz\u00e1mos k\u00fcl\u00f6nb\u00f6z\u0151 temperamentumt\u00edpust mutattak ki, de nagyr\u00e9szt k\u00e9t f\u0151 kateg\u00f3ri\u00e1ra osztott\u00e1k \u0151ket: <strong>g\u00e1tolt<\/strong> \u00e9s <strong>g\u00e1tl\u00e1stalan (\u00e1tlagos) k\u00f6zeled\u00e9s.<\/strong><\/p>\n<p>A legt\u00f6bb gyermek bizonyos fok\u00fa el\u0151vigy\u00e1zatoss\u00e1got mutat az \u00faj helyzetekben. Lehet, hogy \u00f3vatosan felfedeznek egy \u00faj j\u00e1t\u00e9kot, vagy lassan k\u00f6zelednek egy idegen fel\u00e9. \u00cdgy n\u00e9z ki egy &#8220;\u00e1tlagos&#8221; k\u00f6zeled\u00e9si temperamentum.<\/p>\n<p>A legt\u00f6bb kutat\u00e1s a g\u00e1tolt temperamentum\u00fa gyermekekre \u00f6sszpontos\u00edt, azokra a gyermekekre, akik rendk\u00edv\u00fcl \u00f3vatosak, \u00e9s hajlamosak visszah\u00faz\u00f3dni vagy ellen\u00e1llni az \u00faj helyzeteknek. Ezek a gyermekek nagyobb val\u00f3sz\u00edn\u0171s\u00e9ggel lehetnek szoci\u00e1lisan szorong\u00f3ak.<\/p>\n<p>Nemr\u00e9giben azonban a fejl\u0151d\u00e9spszichol\u00f3gusok azonos\u00edtottak egy harmadik temperamentumt\u00edpust, az <strong>er\u0151s akarat\u00fa, t\u00fal\u00e1rad\u00f3 gyermeket<\/strong>.<\/p>\n<blockquote class=\"wp-block-quote\"><p>\u201eA t\u00fal\u00e1rad\u00f3 szem\u00e9ly t\u00e1vol \u00e1ll att\u00f3l, hogy egyszer\u0171en csak reag\u00e1ljon az adott k\u00f6rnyezetre, ink\u00e1bb er\u0151teljesen cselekszik vagy \u00fajdons\u00e1got keres.\u201d<br \/>\nKay Redfield Jamison, Exuberance: The Passion for Life<\/p><\/blockquote>\n<p><strong>Egy t\u00fal\u00e1rad\u00f3 gyermek<\/strong> tulajdons\u00e1gai csod\u00e1latos er\u0151ss\u00e9gek lehetnek, \u00e9s j\u00f3l szolg\u00e1lhatj\u00e1k \u0151ket k\u00e9s\u0151bb a j\u00f6v\u0151ben. Azonban, sok gyeng\u00e9d \u00fatmutat\u00e1sra lesz sz\u00fcks\u00e9g\u00fck ahhoz, hogy eljussanak od\u00e1ig.<\/p>\n<h5>N\u00e9gy tipp egy er\u0151s akarat\u00fa gyermek nevel\u00e9s\u00e9hez<\/h5>\n<h6>1. \u00c9rtsd meg, hogy er\u0151s akarat\u00fa gyermeked \u00edgy sz\u00fcletett.<\/h6>\n<p>Az els\u0151 l\u00e9p\u00e9s t\u00fal\u00e1rad\u00f3 gyermeked meg\u00e9rt\u00e9s\u00e9hez az, hogy felismerd, ez az \u0151 temperamentuma, egyszer\u0171en ilyen a habitusa.<\/p>\n<p>Kate Degnan, Ph.D., a k\u00f6vetkez\u0151k\u00e9ppen \u00edrja le a t\u00fal\u00e1rad\u00f3 gyermekeket:<br \/>\n\u2022 <em>\u00d6r\u00f6mteliek<\/em> m\u00e9g az apr\u00f3 t\u00f6rekv\u00e9sek \u00e9s c\u00e9lok el\u00e9r\u00e9sekor is.<br \/>\n\u2022 <em>Akt\u00edvan<\/em> k\u00f6zelednek az \u00faj dolgokhoz \u00e9s emberekhez.<br \/>\n\u2022 <em>Felfedezik<\/em> a k\u00f6r\u00fcl\u00f6tt\u00fck l\u00e9v\u0151 vil\u00e1got, \u00e9s \u00fagy t\u0171nik, val\u00f3ban \u00e9lvezik ezt a felfedez\u00e9st.<\/p>\n<p>Rendk\u00edv\u00fcl <strong>pozit\u00edvak, szoci\u00e1lisak \u00e9s k\u00e9szek az \u00faj dolgok befogad\u00e1s\u00e1ra<\/strong>.<\/p>\n<p>Eml\u00e9kszem, amikor a fiam h\u00e1rom\u00e9ves volt, meg kellett tan\u00edtanunk neki, hogy nem \u00fclhet csak \u00fagy oda b\u00e1rkihez egy \u00e9tteremben. Nem habozott odamenni, k\u00f6sz\u00f6nni, le\u00fclni, \u00e9s elkezdett besz\u00e9lgetni egy vele egykor\u00fa fi\u00faval egy m\u00e1sik asztaln\u00e1l. Ezt a nyitotts\u00e1got nem mi tan\u00edtottuk neki. Egyszer\u0171en ilyen volt a viselked\u00e9se.<\/p>\n<p><strong>Az er\u0151s akarat\u00fa temperamentum biol\u00f3giai gy\u00f6kerei<\/strong><\/p>\n<p>Amikor azt vizsg\u00e1lt\u00e1k, hogy a csecsem\u0151k milyen k\u00e9szs\u00e9ggel k\u00f6zel\u00edtenek az \u00faj helyzetekhez, a kutat\u00f3k <strong>elt\u00e9r\u0151 agyi reakci\u00f3k\u00e9szs\u00e9get<\/strong> tal\u00e1ltak a t\u00fal\u00e1rad\u00f3 gyermekekn\u00e9l, akik hajlamosak optimist\u00e1n k\u00f6zel\u00edteni az \u00faj dolgokhoz, szemben a g\u00e1tl\u00e1sosabb \u00e9s az \u00faj dolgokat ink\u00e1bb ker\u00fcl\u0151 csecsem\u0151kkel.<\/p>\n<p>Val\u00f3j\u00e1ban a k\u00f6zeled\u00e9si hajlam \u00e9s a t\u00fal\u00e1rad\u00f3 jellem az agy bal homloklebeny\u00e9nek aktivit\u00e1s\u00e1val f\u00fcgg \u00f6ssze, m\u00edg a g\u00e1tl\u00e1soss\u00e1g \u00e9s az \u00faj helyzetekkel\/emberekkel szembeni \u00f3vatoss\u00e1g az agy jobb homloklebeny\u00e9nek aktivit\u00e1s\u00e1val f\u00fcgg \u00f6ssze.<\/p>\n<p>Gyermeked az\u00e9rt t\u00fal\u00e1rad\u00f3, er\u0151s akarat\u00fa \u00e9s hat\u00e1rozott gondolkod\u00e1s\u00fa, mert \u00edgy sz\u00fcletett. Nem \u00fagy viselkedik, mint m\u00e1s gyermek, mert az \u0151 agya m\u00e1sk\u00e9pp m\u0171k\u00f6dik. Ha ezt tudod, megv\u00e1ltoznak a vele szembeni elv\u00e1r\u00e1said \u00e9s az, ahogyan neveled \u0151t.<\/p>\n<p><img decoding=\"async\" src=\"https:\/\/kidlife.hu\/wp-content\/uploads\/kidlife-blog-akaratos-002.jpg\" \/><\/p>\n<h6>2. Vedd \u00e9szre az er\u0151s akarat\u00fa gyermeked er\u0151ss\u00e9geit \u00e9s \u00f6r\u00f6m\u00e9t!<\/h6>\n<p>Hajlamosak vagyunk csak a makacss\u00e1gra, az intenzit\u00e1sra \u00e9s az akaratoss\u00e1gra \u00f6sszpontos\u00edtani, melyek a t\u00fal\u00e1rad\u00f3 l\u00e9ttel j\u00e1rnak egy\u00fctt, \u00e1m egy t\u00fal\u00e1rad\u00f3 gyermeknek sz\u00e1mos pozit\u00edv tulajdons\u00e1ga is van.<\/p>\n<p>\u0150k igaz\u00e1n <strong>\u00f6r\u00f6mteli<\/strong> gyermekek! Impulz\u00edvak igen, de egyben lelkesek, sz\u00f3rakoztat\u00f3ak \u00e9s vid\u00e1mak is!<\/p>\n<p>Sok elv\u00e1r\u00e1sunk \u00e9s hiedelm\u00fcnk a &#8220;c\u00edmk\u00e9z\u00e9sek&#8221; miatt alakulnak ki. Lehet, hogy a nagyon lelkes \u00e9s t\u00fal\u00e1rad\u00f3 gyermek\u00fcnkr\u0151l azt gondoljuk, hogy k\u00f6vetel\u0151z\u0151, makacs, dacos \u00e9s egy dologra tud csak figyelni. <strong>V\u00e1ltoztassuk meg ezeket a c\u00edmk\u00e9ket.<\/strong><\/p>\n<p>______ helyett nevezz\u00fck ink\u00e1bb \u00edgy: ______<br \/>\nK\u00f6vetel\u0151z\u0151 \u2026 Vezet\u0151i k\u00e9szs\u00e9gek<br \/>\nMakacss\u00e1g \u2026 Kitart\u00e1s<br \/>\nDacoss\u00e1g \u2026 F\u00fcggetlens\u00e9g<br \/>\nEgyk\u00f6zpont\u00fas\u00e1g \u2026 F\u00f3kusz\u00e1lt figyelem<\/p>\n<p>Az igazs\u00e1g az, hogy a nagyon lelkes gyermekek sz\u00e1mos tulajdons\u00e1ga j\u00f3 szolg\u00e1latot tesz majd nekik a j\u00f6v\u0151ben. Amikor m\u00e9g kicsik, \u00e9s az \u00f6nszab\u00e1lyoz\u00e1suk m\u00e9g nem teljesen fejlett, ezek a k\u00e9pess\u00e9gek \u00fcgyetlenek, intenz\u00edvek \u00e9s n\u00e9ha nagyon frusztr\u00e1l\u00f3ak lehetnek a sz\u00fcl\u0151k sz\u00e1m\u00e1ra. De pontosan ezekben a kigyermekkori \u00e9vekben <strong>lesz r\u00e1nk a legnagyobb sz\u00fcks\u00e9g\u00fck.<\/strong><\/p>\n<p><img decoding=\"async\" src=\"https:\/\/kidlife.hu\/wp-content\/uploads\/kidlife-blog-akaratos-004.png\" \/><\/p>\n<h6>3. L\u00e9gy gyeng\u00e9d \u00e9s j\u00e1t\u00e9kos az er\u0151s akarat\u00fa gyermekeddel.<\/h6>\n<p>Egy vizsg\u00e1latban az er\u0151sen t\u00fal\u00e1rad\u00f3 gyermekek t\u00f6bb viselked\u00e9si probl\u00e9m\u00e1t is mutattak az iskol\u00e1ban. Ha azonban ezeknek a gyermekeknek az \u00e9desanyja \u00e9rz\u00e9kenyen reag\u00e1l\u00f3 volt, a viselked\u00e9si probl\u00e9m\u00e1khoz val\u00f3 kapcsolat megsz\u0171nt.<\/p>\n<p>A gyeng\u00e9d fegyelmez\u00e9s ebben az esetben azt jelentette, hogy \u201eudvarias javaslatokkal, c\u00e9lz\u00e1sokkal \u00e9s <strong>j\u00e1t\u00e9kos<\/strong> megjegyz\u00e9sekkel\u201d (Degnan, 2015) pr\u00f3b\u00e1lt\u00e1k r\u00e1venni gyermekeiket, hogy t\u00e1volodjanak el a j\u00e1t\u00e9kokt\u00f3l \u00e9s t\u00e9rjenek vissza feladataikhoz.<\/p>\n<p><strong>Sz\u00e1m\u00edt, hogy <em>hogyan<\/em> nevelj\u00fck \u0151ket.<\/strong><\/p>\n<p>Ennek egyik m\u00f3dja, hogy j\u00e1t\u00e9kokkal \u00e9s sz\u00f3rakoztat\u00f3 tev\u00e9kenys\u00e9gekkel gyakoroljuk a szab\u00e1lyoz\u00e1st. A t\u00fal\u00e1rad\u00f3 gyermekekb\u0151l egy dolog nem hi\u00e1nyzik: a r\u00e9szv\u00e9teli \u00e9s csatlakoz\u00e1si <strong>hajland\u00f3s\u00e1g<\/strong>.<\/p>\n<p>P\u00e9ld\u00e1ul, ha egy\u00fcttm\u0171k\u00f6d\u00e9s\u00fckre van sz\u00fcks\u00e9g\u00fcnk ahhoz, hogy kil\u00e9pj\u00fcnk az ajt\u00f3n, csin\u00e1ljunk bel\u0151le j\u00e1t\u00e9kot. A t\u00fal\u00e1rad\u00f3 gyermek sz\u00f3 szerint r\u00e1ugrik a lehet\u0151s\u00e9gre, hogy \u201efelvegye b\u00e9kacip\u0151j\u00e9t, \u00e9s az aut\u00f3hoz ugorjon.\u201d<\/p>\n<p><em>Haszn\u00e1ld ki j\u00e1t\u00e9kos term\u00e9szet\u00fcket azzal, hogy \u00f6nmagad is j\u00e1t\u00e9koss\u00e1 v\u00e1lsz.<\/em><\/p>\n<p><strong>A j\u00e1t\u00e9kos sz\u00fcl\u0151i nevel\u00e9s minden gyermekn\u00e9l messzire vezethet, \u00e1m \u00fagy gondolom, hogy ez k\u00fcl\u00f6n\u00f6sen j\u00f3l m\u0171k\u00f6dhet t\u00fal\u00e1rad\u00f3 gyermekekn\u00e9l.<\/strong><\/p>\n<h6>4. Tan\u00edtsd meg er\u0151s akarat\u00fa gyermekednek az \u00f6nszab\u00e1lyoz\u00e1st<\/h6>\n<p>Az \u00e9lethez val\u00f3 vid\u00e1m \u00e9s gondatlan hozz\u00e1\u00e1ll\u00e1ssal egy\u00fctt j\u00e1r egy impulz\u00edv oldal is.<\/p>\n<p>A t\u00fal\u00e1rad\u00f3 gyermekekr\u0151l meg\u00e1llap\u00edtott\u00e1k, hogy nagyobb kock\u00e1zata van n\u00e1luk a bomlaszt\u00f3 viselked\u00e9snek, ADHD kialakul\u00e1s\u00e1nak \u00e9s az \u00e1rtalmas szok\u00e1sok kialakul\u00e1s\u00e1nak (szex, drogok, alkohol) fiatal feln\u0151ttkorban.<\/p>\n<p>Ez nem fest t\u00fal optimista k\u00e9pet. A j\u00f3 h\u00edr viszont az, hogy a kutat\u00f3k meg\u00e1llap\u00edtott\u00e1k, hogy e lehets\u00e9ges kimenetel m\u00f6g\u00f6tt nem felt\u00e9tlen\u00fcl maga a t\u00fal\u00e1rad\u00f3 jellem \u00e1ll, hanem ink\u00e1bb a t\u00fal\u00e1rad\u00f3 \u00e9s a gyenge szab\u00e1lyoz\u00e1si k\u00e9pess\u00e9gek kombin\u00e1ci\u00f3ja.<\/p>\n<p><strong>Ha egy t\u00fal\u00e1rad\u00f3 gyermek k\u00e9pes j\u00f3l szab\u00e1lyozni \u00f6nmag\u00e1t, akkor lehets\u00e9ges, hogy ezek a szab\u00e1lyoz\u00e1si k\u00e9szs\u00e9gek megv\u00e9dik \u0151t az esetleges j\u00f6v\u0151beni probl\u00e9m\u00e1kt\u00f3l.<\/strong><\/p>\n<p><em>Teh\u00e1t a fontos dolog amelyre itt \u00f6sszpontos\u00edtani kell, az \u00f6nszab\u00e1lyoz\u00e1s. A t\u00fal\u00e1rad\u00f3 jellem \u00e1ltal\u00e1ban k\u00e9z a k\u00e9zben j\u00e1r az impulzivit\u00e1ssal \u00e9s az \u00f6nszab\u00e1lyoz\u00e1si probl\u00e9m\u00e1kkal.<\/em><\/p>\n<p><strong>MI\u00c9RT?<\/strong><\/p>\n<p>Nos, ez val\u00f3sz\u00edn\u0171leg a temperamentumukra vezethet\u0151 vissza. Egy el\u0151vigy\u00e1zatos \u00e9s \u00f3vatos gyermeknek term\u00e9szetesen t\u00f6bb ideje van \u00e1tgondolni, hogyan fog megk\u00f6zel\u00edteni egy helyzetet, \u00e9s hogyan fog reag\u00e1lni. A t\u00fal\u00e1rad\u00f3 gyermek gondolkod\u00e1s n\u00e9lk\u00fcl ugrik bele a dologba.<\/p>\n<p>Meg kell tanulniuk <strong>lelassulni, meg\u00e1llni, elgondolkodni.<\/strong><\/p>\n<p>Nemcsak azt kell megtanulniuk, hogyan szab\u00e1lyozz\u00e1k a negat\u00edv \u00e9rzelmeiket, p\u00e9ld\u00e1ul a frusztr\u00e1ci\u00f3t, hanem azt is, <strong>hogyan szab\u00e1lyozz\u00e1k az izgalmat \u00e9s a pozitivit\u00e1st.<\/strong><\/p>\n<p>A <strong>J\u00d3 H\u00cdR<\/strong>: M\u00edg a t\u00fal\u00e1rad\u00e1s \u00f6nmag\u00e1ban nem sokat v\u00e1ltoztat, <em><strong>a szab\u00e1lyoz\u00e1s tud \u00e9s fog is<\/strong><\/em>.<\/p>\n<p>T\u00fal\u00e1rad\u00f3 gyermekek sz\u00fcleik\u00e9nt tudatosan arra kell \u00f6sszpontos\u00edtanunk, hogy olyan strat\u00e9gi\u00e1kat tan\u00edtsunk a gyermekeinknek, amelyek seg\u00edtenek nekik szab\u00e1lyozni a viselked\u00e9s\u00fcket.<\/p>\n<p>&nbsp;<\/p>\n<p>Ha egy\u00fcttgondolkod\u00e1sra, seg\u00edts\u00e9gre vagy t\u00e1mogat\u00e1sra van sz\u00fcks\u00e9ged, fordulj a szakembereinkhez b\u00e1tran, ak\u00e1r online \u2013 itt meg tudod n\u00e9zni mikor van szabad id\u0151pontjuk: <a href=\"https:\/\/kidlife.hu\/english\/idopontfoglalas\/\">https:\/\/kidlife.hu\/idopontfoglalas\/<\/a><\/p>\n<p>&nbsp;<\/p>\n<p>&nbsp;<\/p>","protected":false},"excerpt":{"rendered":"<p> Ut sem purus, eleifend sit amet suscipit luctus, bibendum sed sem. Duis ut nisi lobortis, ornare arcu vel, mollis metus. Mauris quis urna volutpat, congue magna ut, consectetur massa. Etiam eu magna a ex euismod euismod eu ac purus. Pellentesque efficitur tristique sollicitudin. <\/p>","protected":false},"author":13,"featured_media":5238,"comment_status":"closed","ping_status":"closed","sticky":false,"template":"","format":"standard","meta":{"footnotes":""},"categories":[3,4],"tags":[5],"class_list":["post-5237","post","type-post","status-publish","format-standard","has-post-thumbnail","hentry","category-blog","category-digitalis-vilag-gyermek","tag-blog"],"_elementor_template_sub_type":null,"_elementor_conditions":null,"_yoast_wpseo_primary_category":"","_oembed_d944eacaa867b166ee36e1263fcdc055":"{{unknown}}","yoast_head":"<!-- This site is optimized with the Yoast SEO plugin v27.5 - https:\/\/yoast.com\/product\/yoast-seo-wordpress\/ -->\n<title>Er\u0151s akarat\u00fa gyermeked temperamentum\u00e1nak \u00e9s er\u0151ss\u00e9geinek meg\u00e9rt\u00e9se - KidLife<\/title>\n<meta name=\"description\" content=\"Gyermeked er\u0151s akarat\u00fa vagy nagyon lelkes? Kem\u00e9nyebben j\u00e1tszik, tov\u00e1bb megy, t\u00f6bbet k\u00f6vetel? Ha igen, akkor lehet, hogy gyermeked a tud\u00f3sok szerint t\u00fal\u00e1rad\u00f3 temperamentummal rendelkezik. Gyermekfejleszt\u0151 k\u00f6zpontunkban gyermekpszichol\u00f3gus \u00e9s gy\u00f3gypedag\u00f3gus csapatunk seg\u00edts\u00e9gedre lehet asperger szindr\u00f3ma, autizmus, adhd t\u00fcnetei eset\u00e9n, \u00e9rzelmileg labilis szem\u00e9lyis\u00e9gzavar eset\u00e9n, tanul\u00e1si neh\u00e9zs\u00e9g \u00e9s tanul\u00e1si zavar fenn\u00e1ll\u00e1sakor, iskola\u00e9retts\u00e9g felm\u00e9r\u00e9sekben \u00e9s iskolael\u0151k\u00e9sz\u00edt\u0151 foglalkoz\u00e1sokkal, pszichodr\u00e1ma csoportokkal, tsmt mozg\u00e1sfejleszt\u00e9ssel \u00e9s a logop\u00e9dia m\u00f3dszertan\u00e1val. Ha egy\u00fcttgondolkod\u00e1sra, seg\u00edts\u00e9gre vagy t\u00e1mogat\u00e1sra van sz\u00fcks\u00e9ged, fordulj a szakembereinkhez b\u00e1tran, ak\u00e1r online!\" \/>\n<meta name=\"robots\" content=\"index, follow, max-snippet:-1, max-image-preview:large, max-video-preview:-1\" \/>\n<link rel=\"canonical\" href=\"https:\/\/kidlife.hu\/english\/eros-akaratu-gyermeked-temperamentumanak-es-erossegeinek-megertese\/\" \/>\n<meta property=\"og:locale\" content=\"en_GB\" \/>\n<meta property=\"og:type\" content=\"article\" \/>\n<meta property=\"og:title\" content=\"Er\u0151s akarat\u00fa gyermeked temperamentum\u00e1nak \u00e9s er\u0151ss\u00e9geinek meg\u00e9rt\u00e9se - KidLife\" \/>\n<meta property=\"og:description\" content=\"Gyermeked er\u0151s akarat\u00fa vagy nagyon lelkes? Kem\u00e9nyebben j\u00e1tszik, tov\u00e1bb megy, t\u00f6bbet k\u00f6vetel? Ha igen, akkor lehet, hogy gyermeked a tud\u00f3sok szerint t\u00fal\u00e1rad\u00f3 temperamentummal rendelkezik. Gyermekfejleszt\u0151 k\u00f6zpontunkban gyermekpszichol\u00f3gus \u00e9s gy\u00f3gypedag\u00f3gus csapatunk seg\u00edts\u00e9gedre lehet asperger szindr\u00f3ma, autizmus, adhd t\u00fcnetei eset\u00e9n, \u00e9rzelmileg labilis szem\u00e9lyis\u00e9gzavar eset\u00e9n, tanul\u00e1si neh\u00e9zs\u00e9g \u00e9s tanul\u00e1si zavar fenn\u00e1ll\u00e1sakor, iskola\u00e9retts\u00e9g felm\u00e9r\u00e9sekben \u00e9s iskolael\u0151k\u00e9sz\u00edt\u0151 foglalkoz\u00e1sokkal, pszichodr\u00e1ma csoportokkal, tsmt mozg\u00e1sfejleszt\u00e9ssel \u00e9s a logop\u00e9dia m\u00f3dszertan\u00e1val. Ha egy\u00fcttgondolkod\u00e1sra, seg\u00edts\u00e9gre vagy t\u00e1mogat\u00e1sra van sz\u00fcks\u00e9ged, fordulj a szakembereinkhez b\u00e1tran, ak\u00e1r online!\" \/>\n<meta property=\"og:url\" content=\"https:\/\/kidlife.hu\/english\/eros-akaratu-gyermeked-temperamentumanak-es-erossegeinek-megertese\/\" \/>\n<meta property=\"og:site_name\" content=\"KidLife\" \/>\n<meta property=\"article:publisher\" content=\"https:\/\/www.facebook.com\/kidlifestudio\" \/>\n<meta property=\"article:published_time\" content=\"2021-11-26T07:43:41+00:00\" \/>\n<meta property=\"article:modified_time\" content=\"2024-02-06T22:18:14+00:00\" \/>\n<meta property=\"og:image\" content=\"https:\/\/kidlife.hu\/wp-content\/uploads\/kidlife-blog-akaratos-001.jpg\" \/>\n\t<meta property=\"og:image:width\" content=\"1024\" \/>\n\t<meta property=\"og:image:height\" content=\"684\" \/>\n\t<meta property=\"og:image:type\" content=\"image\/jpeg\" \/>\n<meta name=\"author\" content=\"Team KidLife\" \/>\n<meta name=\"twitter:card\" content=\"summary_large_image\" \/>\n<meta name=\"twitter:label1\" content=\"Written by\" \/>\n\t<meta name=\"twitter:data1\" content=\"Team KidLife\" \/>\n\t<meta name=\"twitter:label2\" content=\"Estimated reading time\" \/>\n\t<meta name=\"twitter:data2\" content=\"7 minutes\" \/>\n<script type=\"application\/ld+json\" class=\"yoast-schema-graph\">{\"@context\":\"https:\\\/\\\/schema.org\",\"@graph\":[{\"@type\":\"Article\",\"@id\":\"https:\\\/\\\/kidlife.hu\\\/eros-akaratu-gyermeked-temperamentumanak-es-erossegeinek-megertese\\\/#article\",\"isPartOf\":{\"@id\":\"https:\\\/\\\/kidlife.hu\\\/eros-akaratu-gyermeked-temperamentumanak-es-erossegeinek-megertese\\\/\"},\"author\":{\"name\":\"Team KidLife\",\"@id\":\"https:\\\/\\\/kidlife.hu\\\/#\\\/schema\\\/person\\\/b62edad3864d67eac216e38fc21fcc99\"},\"headline\":\"Er\u0151s akarat\u00fa gyermeked temperamentum\u00e1nak \u00e9s er\u0151ss\u00e9geinek meg\u00e9rt\u00e9se\",\"datePublished\":\"2021-11-26T07:43:41+00:00\",\"dateModified\":\"2024-02-06T22:18:14+00:00\",\"mainEntityOfPage\":{\"@id\":\"https:\\\/\\\/kidlife.hu\\\/eros-akaratu-gyermeked-temperamentumanak-es-erossegeinek-megertese\\\/\"},\"wordCount\":2024,\"publisher\":{\"@id\":\"https:\\\/\\\/kidlife.hu\\\/#organization\"},\"image\":{\"@id\":\"https:\\\/\\\/kidlife.hu\\\/eros-akaratu-gyermeked-temperamentumanak-es-erossegeinek-megertese\\\/#primaryimage\"},\"thumbnailUrl\":\"https:\\\/\\\/kidlife.hu\\\/wp-content\\\/uploads\\\/kidlife-blog-akaratos-001.jpg\",\"keywords\":[\"blog\"],\"articleSection\":[\"Blog\",\"Digit\u00e1lis vil\u00e1g &amp; gyermek\"],\"inLanguage\":\"en-GB\"},{\"@type\":\"WebPage\",\"@id\":\"https:\\\/\\\/kidlife.hu\\\/eros-akaratu-gyermeked-temperamentumanak-es-erossegeinek-megertese\\\/\",\"url\":\"https:\\\/\\\/kidlife.hu\\\/eros-akaratu-gyermeked-temperamentumanak-es-erossegeinek-megertese\\\/\",\"name\":\"Er\u0151s akarat\u00fa gyermeked temperamentum\u00e1nak \u00e9s er\u0151ss\u00e9geinek meg\u00e9rt\u00e9se - KidLife\",\"isPartOf\":{\"@id\":\"https:\\\/\\\/kidlife.hu\\\/#website\"},\"primaryImageOfPage\":{\"@id\":\"https:\\\/\\\/kidlife.hu\\\/eros-akaratu-gyermeked-temperamentumanak-es-erossegeinek-megertese\\\/#primaryimage\"},\"image\":{\"@id\":\"https:\\\/\\\/kidlife.hu\\\/eros-akaratu-gyermeked-temperamentumanak-es-erossegeinek-megertese\\\/#primaryimage\"},\"thumbnailUrl\":\"https:\\\/\\\/kidlife.hu\\\/wp-content\\\/uploads\\\/kidlife-blog-akaratos-001.jpg\",\"datePublished\":\"2021-11-26T07:43:41+00:00\",\"dateModified\":\"2024-02-06T22:18:14+00:00\",\"description\":\"Gyermeked er\u0151s akarat\u00fa vagy nagyon lelkes? Kem\u00e9nyebben j\u00e1tszik, tov\u00e1bb megy, t\u00f6bbet k\u00f6vetel? Ha igen, akkor lehet, hogy gyermeked a tud\u00f3sok szerint t\u00fal\u00e1rad\u00f3 temperamentummal rendelkezik. Gyermekfejleszt\u0151 k\u00f6zpontunkban gyermekpszichol\u00f3gus \u00e9s gy\u00f3gypedag\u00f3gus csapatunk seg\u00edts\u00e9gedre lehet asperger szindr\u00f3ma, autizmus, adhd t\u00fcnetei eset\u00e9n, \u00e9rzelmileg labilis szem\u00e9lyis\u00e9gzavar eset\u00e9n, tanul\u00e1si neh\u00e9zs\u00e9g \u00e9s tanul\u00e1si zavar fenn\u00e1ll\u00e1sakor, iskola\u00e9retts\u00e9g felm\u00e9r\u00e9sekben \u00e9s iskolael\u0151k\u00e9sz\u00edt\u0151 foglalkoz\u00e1sokkal, pszichodr\u00e1ma csoportokkal, tsmt mozg\u00e1sfejleszt\u00e9ssel \u00e9s a logop\u00e9dia m\u00f3dszertan\u00e1val. Ha egy\u00fcttgondolkod\u00e1sra, seg\u00edts\u00e9gre vagy t\u00e1mogat\u00e1sra van sz\u00fcks\u00e9ged, fordulj a szakembereinkhez b\u00e1tran, ak\u00e1r online!\",\"breadcrumb\":{\"@id\":\"https:\\\/\\\/kidlife.hu\\\/eros-akaratu-gyermeked-temperamentumanak-es-erossegeinek-megertese\\\/#breadcrumb\"},\"inLanguage\":\"en-GB\",\"potentialAction\":[{\"@type\":\"ReadAction\",\"target\":[\"https:\\\/\\\/kidlife.hu\\\/eros-akaratu-gyermeked-temperamentumanak-es-erossegeinek-megertese\\\/\"]}]},{\"@type\":\"ImageObject\",\"inLanguage\":\"en-GB\",\"@id\":\"https:\\\/\\\/kidlife.hu\\\/eros-akaratu-gyermeked-temperamentumanak-es-erossegeinek-megertese\\\/#primaryimage\",\"url\":\"https:\\\/\\\/kidlife.hu\\\/wp-content\\\/uploads\\\/kidlife-blog-akaratos-001.jpg\",\"contentUrl\":\"https:\\\/\\\/kidlife.hu\\\/wp-content\\\/uploads\\\/kidlife-blog-akaratos-001.jpg\",\"width\":1024,\"height\":684},{\"@type\":\"BreadcrumbList\",\"@id\":\"https:\\\/\\\/kidlife.hu\\\/eros-akaratu-gyermeked-temperamentumanak-es-erossegeinek-megertese\\\/#breadcrumb\",\"itemListElement\":[{\"@type\":\"ListItem\",\"position\":1,\"name\":\"Kezd\u0151lap\",\"item\":\"https:\\\/\\\/kidlife.hu\\\/\"},{\"@type\":\"ListItem\",\"position\":2,\"name\":\"Er\u0151s akarat\u00fa gyermeked temperamentum\u00e1nak \u00e9s er\u0151ss\u00e9geinek meg\u00e9rt\u00e9se\"}]},{\"@type\":\"WebSite\",\"@id\":\"https:\\\/\\\/kidlife.hu\\\/#website\",\"url\":\"https:\\\/\\\/kidlife.hu\\\/\",\"name\":\"KidLife\",\"description\":\"Gyermekpszichol\u00f3gia \u00e9s fejleszt\u00e9s\",\"publisher\":{\"@id\":\"https:\\\/\\\/kidlife.hu\\\/#organization\"},\"potentialAction\":[{\"@type\":\"SearchAction\",\"target\":{\"@type\":\"EntryPoint\",\"urlTemplate\":\"https:\\\/\\\/kidlife.hu\\\/?s={search_term_string}\"},\"query-input\":{\"@type\":\"PropertyValueSpecification\",\"valueRequired\":true,\"valueName\":\"search_term_string\"}}],\"inLanguage\":\"en-GB\"},{\"@type\":\"Organization\",\"@id\":\"https:\\\/\\\/kidlife.hu\\\/#organization\",\"name\":\"KidLife\",\"url\":\"https:\\\/\\\/kidlife.hu\\\/\",\"logo\":{\"@type\":\"ImageObject\",\"inLanguage\":\"en-GB\",\"@id\":\"https:\\\/\\\/kidlife.hu\\\/#\\\/schema\\\/logo\\\/image\\\/\",\"url\":\"https:\\\/\\\/kidlife.hu\\\/wp-content\\\/uploads\\\/kidlife-fb-profile-02.png\",\"contentUrl\":\"https:\\\/\\\/kidlife.hu\\\/wp-content\\\/uploads\\\/kidlife-fb-profile-02.png\",\"width\":1024,\"height\":1024,\"caption\":\"KidLife\"},\"image\":{\"@id\":\"https:\\\/\\\/kidlife.hu\\\/#\\\/schema\\\/logo\\\/image\\\/\"},\"sameAs\":[\"https:\\\/\\\/www.facebook.com\\\/kidlifestudio\"]},{\"@type\":\"Person\",\"@id\":\"https:\\\/\\\/kidlife.hu\\\/#\\\/schema\\\/person\\\/b62edad3864d67eac216e38fc21fcc99\",\"name\":\"Team KidLife\",\"image\":{\"@type\":\"ImageObject\",\"inLanguage\":\"en-GB\",\"@id\":\"https:\\\/\\\/secure.gravatar.com\\\/avatar\\\/a78800a59257d0a8ebd5100431f5e3126183c0a60717aded185c33e92b8bc88b?s=96&d=mm&r=g\",\"url\":\"https:\\\/\\\/secure.gravatar.com\\\/avatar\\\/a78800a59257d0a8ebd5100431f5e3126183c0a60717aded185c33e92b8bc88b?s=96&d=mm&r=g\",\"contentUrl\":\"https:\\\/\\\/secure.gravatar.com\\\/avatar\\\/a78800a59257d0a8ebd5100431f5e3126183c0a60717aded185c33e92b8bc88b?s=96&d=mm&r=g\",\"caption\":\"Team KidLife\"},\"sameAs\":[\"https:\\\/\\\/kidlife.hu\\\/\"]}]}<\/script>\n<!-- \/ Yoast SEO plugin. -->","yoast_head_json":{"title":"Er\u0151s akarat\u00fa gyermeked temperamentum\u00e1nak \u00e9s er\u0151ss\u00e9geinek meg\u00e9rt\u00e9se - KidLife","description":"Gyermeked er\u0151s akarat\u00fa vagy nagyon lelkes? Kem\u00e9nyebben j\u00e1tszik, tov\u00e1bb megy, t\u00f6bbet k\u00f6vetel? Ha igen, akkor lehet, hogy gyermeked a tud\u00f3sok szerint t\u00fal\u00e1rad\u00f3 temperamentummal rendelkezik. Gyermekfejleszt\u0151 k\u00f6zpontunkban gyermekpszichol\u00f3gus \u00e9s gy\u00f3gypedag\u00f3gus csapatunk seg\u00edts\u00e9gedre lehet asperger szindr\u00f3ma, autizmus, adhd t\u00fcnetei eset\u00e9n, \u00e9rzelmileg labilis szem\u00e9lyis\u00e9gzavar eset\u00e9n, tanul\u00e1si neh\u00e9zs\u00e9g \u00e9s tanul\u00e1si zavar fenn\u00e1ll\u00e1sakor, iskola\u00e9retts\u00e9g felm\u00e9r\u00e9sekben \u00e9s iskolael\u0151k\u00e9sz\u00edt\u0151 foglalkoz\u00e1sokkal, pszichodr\u00e1ma csoportokkal, tsmt mozg\u00e1sfejleszt\u00e9ssel \u00e9s a logop\u00e9dia m\u00f3dszertan\u00e1val. Ha egy\u00fcttgondolkod\u00e1sra, seg\u00edts\u00e9gre vagy t\u00e1mogat\u00e1sra van sz\u00fcks\u00e9ged, fordulj a szakembereinkhez b\u00e1tran, ak\u00e1r online!","robots":{"index":"index","follow":"follow","max-snippet":"max-snippet:-1","max-image-preview":"max-image-preview:large","max-video-preview":"max-video-preview:-1"},"canonical":"https:\/\/kidlife.hu\/english\/eros-akaratu-gyermeked-temperamentumanak-es-erossegeinek-megertese\/","og_locale":"en_GB","og_type":"article","og_title":"Er\u0151s akarat\u00fa gyermeked temperamentum\u00e1nak \u00e9s er\u0151ss\u00e9geinek meg\u00e9rt\u00e9se - KidLife","og_description":"Gyermeked er\u0151s akarat\u00fa vagy nagyon lelkes? Kem\u00e9nyebben j\u00e1tszik, tov\u00e1bb megy, t\u00f6bbet k\u00f6vetel? Ha igen, akkor lehet, hogy gyermeked a tud\u00f3sok szerint t\u00fal\u00e1rad\u00f3 temperamentummal rendelkezik. Gyermekfejleszt\u0151 k\u00f6zpontunkban gyermekpszichol\u00f3gus \u00e9s gy\u00f3gypedag\u00f3gus csapatunk seg\u00edts\u00e9gedre lehet asperger szindr\u00f3ma, autizmus, adhd t\u00fcnetei eset\u00e9n, \u00e9rzelmileg labilis szem\u00e9lyis\u00e9gzavar eset\u00e9n, tanul\u00e1si neh\u00e9zs\u00e9g \u00e9s tanul\u00e1si zavar fenn\u00e1ll\u00e1sakor, iskola\u00e9retts\u00e9g felm\u00e9r\u00e9sekben \u00e9s iskolael\u0151k\u00e9sz\u00edt\u0151 foglalkoz\u00e1sokkal, pszichodr\u00e1ma csoportokkal, tsmt mozg\u00e1sfejleszt\u00e9ssel \u00e9s a logop\u00e9dia m\u00f3dszertan\u00e1val. Ha egy\u00fcttgondolkod\u00e1sra, seg\u00edts\u00e9gre vagy t\u00e1mogat\u00e1sra van sz\u00fcks\u00e9ged, fordulj a szakembereinkhez b\u00e1tran, ak\u00e1r online!","og_url":"https:\/\/kidlife.hu\/english\/eros-akaratu-gyermeked-temperamentumanak-es-erossegeinek-megertese\/","og_site_name":"KidLife","article_publisher":"https:\/\/www.facebook.com\/kidlifestudio","article_published_time":"2021-11-26T07:43:41+00:00","article_modified_time":"2024-02-06T22:18:14+00:00","og_image":[{"width":1024,"height":684,"url":"https:\/\/kidlife.hu\/wp-content\/uploads\/kidlife-blog-akaratos-001.jpg","type":"image\/jpeg"}],"author":"Team KidLife","twitter_card":"summary_large_image","twitter_misc":{"Written by":"Team KidLife","Estimated reading time":"7 minutes"},"schema":{"@context":"https:\/\/schema.org","@graph":[{"@type":"Article","@id":"https:\/\/kidlife.hu\/eros-akaratu-gyermeked-temperamentumanak-es-erossegeinek-megertese\/#article","isPartOf":{"@id":"https:\/\/kidlife.hu\/eros-akaratu-gyermeked-temperamentumanak-es-erossegeinek-megertese\/"},"author":{"name":"Team KidLife","@id":"https:\/\/kidlife.hu\/#\/schema\/person\/b62edad3864d67eac216e38fc21fcc99"},"headline":"Er\u0151s akarat\u00fa gyermeked temperamentum\u00e1nak \u00e9s er\u0151ss\u00e9geinek meg\u00e9rt\u00e9se","datePublished":"2021-11-26T07:43:41+00:00","dateModified":"2024-02-06T22:18:14+00:00","mainEntityOfPage":{"@id":"https:\/\/kidlife.hu\/eros-akaratu-gyermeked-temperamentumanak-es-erossegeinek-megertese\/"},"wordCount":2024,"publisher":{"@id":"https:\/\/kidlife.hu\/#organization"},"image":{"@id":"https:\/\/kidlife.hu\/eros-akaratu-gyermeked-temperamentumanak-es-erossegeinek-megertese\/#primaryimage"},"thumbnailUrl":"https:\/\/kidlife.hu\/wp-content\/uploads\/kidlife-blog-akaratos-001.jpg","keywords":["blog"],"articleSection":["Blog","Digit\u00e1lis vil\u00e1g &amp; gyermek"],"inLanguage":"en-GB"},{"@type":"WebPage","@id":"https:\/\/kidlife.hu\/eros-akaratu-gyermeked-temperamentumanak-es-erossegeinek-megertese\/","url":"https:\/\/kidlife.hu\/eros-akaratu-gyermeked-temperamentumanak-es-erossegeinek-megertese\/","name":"Er\u0151s akarat\u00fa gyermeked temperamentum\u00e1nak \u00e9s er\u0151ss\u00e9geinek meg\u00e9rt\u00e9se - KidLife","isPartOf":{"@id":"https:\/\/kidlife.hu\/#website"},"primaryImageOfPage":{"@id":"https:\/\/kidlife.hu\/eros-akaratu-gyermeked-temperamentumanak-es-erossegeinek-megertese\/#primaryimage"},"image":{"@id":"https:\/\/kidlife.hu\/eros-akaratu-gyermeked-temperamentumanak-es-erossegeinek-megertese\/#primaryimage"},"thumbnailUrl":"https:\/\/kidlife.hu\/wp-content\/uploads\/kidlife-blog-akaratos-001.jpg","datePublished":"2021-11-26T07:43:41+00:00","dateModified":"2024-02-06T22:18:14+00:00","description":"Gyermeked er\u0151s akarat\u00fa vagy nagyon lelkes? Kem\u00e9nyebben j\u00e1tszik, tov\u00e1bb megy, t\u00f6bbet k\u00f6vetel? Ha igen, akkor lehet, hogy gyermeked a tud\u00f3sok szerint t\u00fal\u00e1rad\u00f3 temperamentummal rendelkezik. Gyermekfejleszt\u0151 k\u00f6zpontunkban gyermekpszichol\u00f3gus \u00e9s gy\u00f3gypedag\u00f3gus csapatunk seg\u00edts\u00e9gedre lehet asperger szindr\u00f3ma, autizmus, adhd t\u00fcnetei eset\u00e9n, \u00e9rzelmileg labilis szem\u00e9lyis\u00e9gzavar eset\u00e9n, tanul\u00e1si neh\u00e9zs\u00e9g \u00e9s tanul\u00e1si zavar fenn\u00e1ll\u00e1sakor, iskola\u00e9retts\u00e9g felm\u00e9r\u00e9sekben \u00e9s iskolael\u0151k\u00e9sz\u00edt\u0151 foglalkoz\u00e1sokkal, pszichodr\u00e1ma csoportokkal, tsmt mozg\u00e1sfejleszt\u00e9ssel \u00e9s a logop\u00e9dia m\u00f3dszertan\u00e1val. Ha egy\u00fcttgondolkod\u00e1sra, seg\u00edts\u00e9gre vagy t\u00e1mogat\u00e1sra van sz\u00fcks\u00e9ged, fordulj a szakembereinkhez b\u00e1tran, ak\u00e1r online!","breadcrumb":{"@id":"https:\/\/kidlife.hu\/eros-akaratu-gyermeked-temperamentumanak-es-erossegeinek-megertese\/#breadcrumb"},"inLanguage":"en-GB","potentialAction":[{"@type":"ReadAction","target":["https:\/\/kidlife.hu\/eros-akaratu-gyermeked-temperamentumanak-es-erossegeinek-megertese\/"]}]},{"@type":"ImageObject","inLanguage":"en-GB","@id":"https:\/\/kidlife.hu\/eros-akaratu-gyermeked-temperamentumanak-es-erossegeinek-megertese\/#primaryimage","url":"https:\/\/kidlife.hu\/wp-content\/uploads\/kidlife-blog-akaratos-001.jpg","contentUrl":"https:\/\/kidlife.hu\/wp-content\/uploads\/kidlife-blog-akaratos-001.jpg","width":1024,"height":684},{"@type":"BreadcrumbList","@id":"https:\/\/kidlife.hu\/eros-akaratu-gyermeked-temperamentumanak-es-erossegeinek-megertese\/#breadcrumb","itemListElement":[{"@type":"ListItem","position":1,"name":"Kezd\u0151lap","item":"https:\/\/kidlife.hu\/"},{"@type":"ListItem","position":2,"name":"Er\u0151s akarat\u00fa gyermeked temperamentum\u00e1nak \u00e9s er\u0151ss\u00e9geinek meg\u00e9rt\u00e9se"}]},{"@type":"WebSite","@id":"https:\/\/kidlife.hu\/#website","url":"https:\/\/kidlife.hu\/","name":"KidLife","description":"Gyermekpszichol\u00f3gia \u00e9s fejleszt\u00e9s","publisher":{"@id":"https:\/\/kidlife.hu\/#organization"},"potentialAction":[{"@type":"SearchAction","target":{"@type":"EntryPoint","urlTemplate":"https:\/\/kidlife.hu\/?s={search_term_string}"},"query-input":{"@type":"PropertyValueSpecification","valueRequired":true,"valueName":"search_term_string"}}],"inLanguage":"en-GB"},{"@type":"Organization","@id":"https:\/\/kidlife.hu\/#organization","name":"KidLife","url":"https:\/\/kidlife.hu\/","logo":{"@type":"ImageObject","inLanguage":"en-GB","@id":"https:\/\/kidlife.hu\/#\/schema\/logo\/image\/","url":"https:\/\/kidlife.hu\/wp-content\/uploads\/kidlife-fb-profile-02.png","contentUrl":"https:\/\/kidlife.hu\/wp-content\/uploads\/kidlife-fb-profile-02.png","width":1024,"height":1024,"caption":"KidLife"},"image":{"@id":"https:\/\/kidlife.hu\/#\/schema\/logo\/image\/"},"sameAs":["https:\/\/www.facebook.com\/kidlifestudio"]},{"@type":"Person","@id":"https:\/\/kidlife.hu\/#\/schema\/person\/b62edad3864d67eac216e38fc21fcc99","name":"Team KidLife","image":{"@type":"ImageObject","inLanguage":"en-GB","@id":"https:\/\/secure.gravatar.com\/avatar\/a78800a59257d0a8ebd5100431f5e3126183c0a60717aded185c33e92b8bc88b?s=96&d=mm&r=g","url":"https:\/\/secure.gravatar.com\/avatar\/a78800a59257d0a8ebd5100431f5e3126183c0a60717aded185c33e92b8bc88b?s=96&d=mm&r=g","contentUrl":"https:\/\/secure.gravatar.com\/avatar\/a78800a59257d0a8ebd5100431f5e3126183c0a60717aded185c33e92b8bc88b?s=96&d=mm&r=g","caption":"Team KidLife"},"sameAs":["https:\/\/kidlife.hu\/"]}]}},"_links":{"self":[{"href":"https:\/\/kidlife.hu\/english\/wp-json\/wp\/v2\/posts\/5237","targetHints":{"allow":["GET"]}}],"collection":[{"href":"https:\/\/kidlife.hu\/english\/wp-json\/wp\/v2\/posts"}],"about":[{"href":"https:\/\/kidlife.hu\/english\/wp-json\/wp\/v2\/types\/post"}],"author":[{"embeddable":true,"href":"https:\/\/kidlife.hu\/english\/wp-json\/wp\/v2\/users\/13"}],"replies":[{"embeddable":true,"href":"https:\/\/kidlife.hu\/english\/wp-json\/wp\/v2\/comments?post=5237"}],"version-history":[{"count":0,"href":"https:\/\/kidlife.hu\/english\/wp-json\/wp\/v2\/posts\/5237\/revisions"}],"wp:featuredmedia":[{"embeddable":true,"href":"https:\/\/kidlife.hu\/english\/wp-json\/wp\/v2\/media\/5238"}],"wp:attachment":[{"href":"https:\/\/kidlife.hu\/english\/wp-json\/wp\/v2\/media?parent=5237"}],"wp:term":[{"taxonomy":"category","embeddable":true,"href":"https:\/\/kidlife.hu\/english\/wp-json\/wp\/v2\/categories?post=5237"},{"taxonomy":"post_tag","embeddable":true,"href":"https:\/\/kidlife.hu\/english\/wp-json\/wp\/v2\/tags?post=5237"}],"curies":[{"name":"wp","href":"https:\/\/api.w.org\/{rel}","templated":true}]}}